{"id":3003,"date":"2021-09-24T16:00:44","date_gmt":"2021-09-24T14:00:44","guid":{"rendered":"https:\/\/kastagnette.com\/es\/?p=3003"},"modified":"2023-11-13T14:20:23","modified_gmt":"2023-11-13T13:20:23","slug":"castanuela-piano","status":"publish","type":"post","link":"https:\/\/kastagnette.com\/es\/castanuela-piano\/","title":{"rendered":"Casta\u00f1uela &amp; Piano"},"content":{"rendered":"\t\t<div data-elementor-type=\"wp-post\" data-elementor-id=\"3003\" class=\"elementor elementor-3003\">\n\t\t\t\t\t\t<section class=\"elementor-section elementor-top-section elementor-element elementor-element-656846f7 elementor-section-boxed elementor-section-height-default elementor-section-height-default\" data-id=\"656846f7\" data-element_type=\"section\" data-e-type=\"section\">\n\t\t\t\t\t\t<div class=\"elementor-container elementor-column-gap-default\">\n\t\t\t\t\t<div class=\"elementor-column elementor-col-100 elementor-top-column elementor-element elementor-element-723fc856\" data-id=\"723fc856\" data-element_type=\"column\" data-e-type=\"column\">\n\t\t\t<div class=\"elementor-widget-wrap elementor-element-populated\">\n\t\t\t\t\t\t<div class=\"elementor-element elementor-element-444278 elementor-widget elementor-widget-text-editor\" data-id=\"444278\" data-element_type=\"widget\" data-e-type=\"widget\" data-widget_type=\"text-editor.default\">\n\t\t\t\t<div class=\"elementor-widget-container\">\n\t\t\t\t\t\t\t\t\t\n<p>CONCIERTOS EN BERL\u00cdN<\/p>\n\n<p><strong>S\u00e1bado, 30 de octubre 20:00<\/strong><br \/><em>Saitenfl\u00fcgel &#8211; Sala de conciertos en el K\u00fcnstlerhof<\/em><br \/>Alt-Lietzow 12, 10587 Berl\u00edn<\/p>\n\n<p><strong>Domingo, 31 de octubre 18:00<\/strong><br \/><em>Cafeter\u00edab\u00fchne &#8211; FlamencoStudio Amparo de Triana<\/em><br \/>Belziger Str. 25, 10823 Berl\u00edn<\/p>\n\n<p><strong>Ambos conciertos<\/strong> con un n\u00famero muy limitado de plazas y <strong>con la regla de los 3 G<\/strong>. Por lo tanto, lamentablemente no es posible reservar.<\/p>\n\n<p>Una velada de arte pian\u00edstico virtuoso con un instrumento peque\u00f1o pero sorprendente: las casta\u00f1uelas. Descubra la incre\u00edble variedad de sonidos y las vers\u00e1tiles posibilidades r\u00edtmicas de las casta\u00f1uelas como instrumento solista y en combinaci\u00f3n con el piano.<\/p>\n\n<p>&#8230; <strong>Amparo de Triana<\/strong> es bailarina y maestra de baile, bailaora flamenca y concertista de casta\u00f1uelas. Estudi\u00f3 flamenco con artistas de renombre como El Farruco y Manolo Mar\u00edn, y casta\u00f1uelas de concierto con Emma Maleras y Consol Grau. Actuaciones en el Tablao Flamenco &#8216;Los Gallos&#8217; de Sevilla y como solista en la &#8216;Bienal Flamenca&#8217; junto a Mario Maya. Adem\u00e1s de su labor docente, act\u00faa y realiza numerosas giras por toda Europa con sus propios programas de flamenco y conciertos. Despu\u00e9s de m\u00e1s de 30 a\u00f1os, deja la direcci\u00f3n de su FlamencoStudio Amparo de Triana y se concentra art\u00edstica y pedag\u00f3gicamente en las casta\u00f1uelas de concierto. Est\u00e1 considerada una virtuosa de este instrumento.<\/p>\n\n<p>&#8230;<strong>Yoshimi Ogawa<\/strong> es concertista de piano. Estudi\u00f3 piano en la Escuela Superior de M\u00fasica de Kunitachi con el profesor Iida y K. Mimura, y estudios de postgrado en la Escuela Superior de M\u00fasica de Friburgo con el profesor Barth. En 1991 recibi\u00f3 su diploma de concierto con matr\u00edcula de honor. Ya en 1990 fue premiada en el Concurso de D\u00faos de las Academias de M\u00fasica alemanas y en 1991 y 1992 recibi\u00f3 una invitaci\u00f3n para actuar como concertista en el &#8220;Festival du Musique&#8221; en Francia. Da conciertos en toda Europa y en Jap\u00f3n. En 2017, descubre su pasi\u00f3n por el flamenco y entra en contacto por primera vez con armon\u00edas, ritmos y sonidos completamente nuevos.<br \/><br \/><\/p>\n\n<p><strong>Amparo y Yoshimi<\/strong> se conocieron a trav\u00e9s del flamenco e iniciaron su actividad concert\u00edstica conjunta en 2018 con gran \u00e9xito en Berl\u00edn. Mientras tanto, han realizado varios programas de conciertos en una amplia gama de g\u00e9neros musicales e instrumentaciones.<br \/><br \/><\/p>\n\n<p><strong>Entradas:<\/strong><br \/>20 euros, rebajado 16 euros<br \/><strong>Venta anticipada:<\/strong> en el FlamencoStudio Amparo de Triana <strong>hasta el 26.10<\/strong>., todos los martes, mi\u00e9rcoles y viernes de 15:00 a 20:00 y los s\u00e1bados de 10:00 a 15:00 o<br \/><strong>con pedido a trav\u00e9s de <a href=\"kastagnette.com\/es\/contacto\/\" target=\"_blank\" rel=\"noopener\">contacto<\/a><\/strong><\/p>\n\t\t\t\t\t\t\t\t<\/div>\n\t\t\t\t<\/div>\n\t\t\t\t\t<\/div>\n\t\t<\/div>\n\t\t\t\t\t<\/div>\n\t\t<\/section>\n\t\t\t\t<section class=\"elementor-section elementor-top-section elementor-element elementor-element-0d07755 elementor-section-boxed elementor-section-height-default elementor-section-height-default\" data-id=\"0d07755\" data-element_type=\"section\" data-e-type=\"section\">\n\t\t\t\t\t\t<div class=\"elementor-container elementor-column-gap-default\">\n\t\t\t\t\t<div class=\"elementor-column elementor-col-100 elementor-top-column elementor-element elementor-element-74fca51\" data-id=\"74fca51\" data-element_type=\"column\" data-e-type=\"column\">\n\t\t\t<div class=\"elementor-widget-wrap elementor-element-populated\">\n\t\t\t\t\t\t<div class=\"elementor-element elementor-element-9977646 elementor-widget elementor-widget-video\" data-id=\"9977646\" data-element_type=\"widget\" data-e-type=\"widget\" data-settings=\"{&quot;youtube_url&quot;:&quot;https:\\\/\\\/youtu.be\\\/Sfc6QyH80TQ&quot;,&quot;video_type&quot;:&quot;youtube&quot;,&quot;controls&quot;:&quot;yes&quot;}\" data-widget_type=\"video.default\">\n\t\t\t\t<div class=\"elementor-widget-container\">\n\t\t\t\t\t\t\t<div class=\"elementor-wrapper elementor-open-inline\">\n\t\t\t<div class=\"elementor-video\"><\/div>\t\t<\/div>\n\t\t\t\t\t\t<\/div>\n\t\t\t\t<\/div>\n\t\t\t\t\t<\/div>\n\t\t<\/div>\n\t\t\t\t\t<\/div>\n\t\t<\/section>\n\t\t\t\t<\/div>\n\t\t","protected":false},"excerpt":{"rendered":"<p>Casta\u00f1uela &amp; Piano con Amparo de Triana y Yoshimi Ogawa<\/p>\n","protected":false},"author":2,"featured_media":2994,"comment_status":"closed","ping_status":"closed","sticky":false,"template":"","format":"standard","meta":{"_acf_changed":false,"footnotes":""},"categories":[7,5],"tags":[12],"class_list":["post-3003","post","type-post","status-publish","format-standard","has-post-thumbnail","hentry","category-uncategorized","category-video","tag-pasados"],"acf":[],"aioseo_notices":[],"_links":{"self":[{"href":"https:\/\/kastagnette.com\/es\/wp-json\/wp\/v2\/posts\/3003","targetHints":{"allow":["GET"]}}],"collection":[{"href":"https:\/\/kastagnette.com\/es\/wp-json\/wp\/v2\/posts"}],"about":[{"href":"https:\/\/kastagnette.com\/es\/wp-json\/wp\/v2\/types\/post"}],"author":[{"embeddable":true,"href":"https:\/\/kastagnette.com\/es\/wp-json\/wp\/v2\/users\/2"}],"replies":[{"embeddable":true,"href":"https:\/\/kastagnette.com\/es\/wp-json\/wp\/v2\/comments?post=3003"}],"version-history":[{"count":22,"href":"https:\/\/kastagnette.com\/es\/wp-json\/wp\/v2\/posts\/3003\/revisions"}],"predecessor-version":[{"id":3965,"href":"https:\/\/kastagnette.com\/es\/wp-json\/wp\/v2\/posts\/3003\/revisions\/3965"}],"wp:featuredmedia":[{"embeddable":true,"href":"https:\/\/kastagnette.com\/es\/wp-json\/wp\/v2\/media\/2994"}],"wp:attachment":[{"href":"https:\/\/kastagnette.com\/es\/wp-json\/wp\/v2\/media?parent=3003"}],"wp:term":[{"taxonomy":"category","embeddable":true,"href":"https:\/\/kastagnette.com\/es\/wp-json\/wp\/v2\/categories?post=3003"},{"taxonomy":"post_tag","embeddable":true,"href":"https:\/\/kastagnette.com\/es\/wp-json\/wp\/v2\/tags?post=3003"}],"curies":[{"name":"wp","href":"https:\/\/api.w.org\/{rel}","templated":true}]}}